{"id":4417,"date":"2017-01-09T17:15:31","date_gmt":"2017-01-09T16:15:31","guid":{"rendered":"http:\/\/www.reflections.it\/wordpress\/?p=4417"},"modified":"2024-10-16T11:37:49","modified_gmt":"2024-10-16T09:37:49","slug":"bellocchio-e-iannace-fanno-esplodere-il-mondo","status":"publish","type":"post","link":"https:\/\/www.reflections.it\/wordpress\/bellocchio-e-iannace-fanno-esplodere-il-mondo\/","title":{"rendered":"Bellocchio e Iannace fanno esplodere il mondo"},"content":{"rendered":"<p>La vita, per <strong>Pier Giorgio Bellocchio<\/strong> e <strong>Arcangelo Iannace<\/strong>, sin dalla nascita <strong><em>E\u2019 un processo irreversibile<\/em><\/strong> e dunque \u00e8 questo il titolo che hanno scelto per la commedia \u201cfantascientifica\u201d che i due attori rappresentano fino al 22 gennaio al <strong>Teatro Argot Studio<\/strong> di Roma, diretti da <strong>Francesco Zecca<\/strong>. \u00a0Un viaggio introspettivo nell\u2019animo umano, profondo ma leggero, che racchiude la voglia di tutti di evasione, il bisogno di relazione, di confronto.<\/p>\n<p>I due personaggi (o forse \u00e8 uno solo) non hanno nome, sono funzioni, come nella vita, dietro le quali si celano le trappole, come il mentire a se stessi. La scena \u00e8 una sorta di astronave astratta in cui domina un grande pulsante rosso che, attivato, far\u00e0 esplodere il mondo. Solo a loro sar\u00e0 concesso di salvarsi con un viaggio paradossale che innesca un confronto tra i due, che mal si sopportano, in uno spazio ristretto.<\/p>\n<p>\u201cE\u2019 l\u2019esplosione dell\u2019immaginario per trovare un posto dove galleggiare in eterno\u201d spiega Iannace, anche autore del testo. \u201cUna dimensione totalmente surreale, con nessun riferimento alla realt\u00e0 &#8211; aggiunge Bellocchio -, con la difficolt\u00e0 di perdere odori, sapori, il quotidiano concreto e materiale. Lo spettacolo dice bugie e le smaschera, tira fuori le nostre fragilit\u00e0. Un viaggio senza ritorno, e forse anche senza partenza. Risposte concrete non ce ne sono, solo paradossali, stonate\u201d.<\/p>\n<p>Un\u2019ora e mezzo di spettacolo, tra dialoghi serrati e amaramente divertenti, interamente finanziato dal buon cuore di privati, dedicato a spettatori di ogni et\u00e0 . Anche agli addetti ai lavori che vorranno vederlo per poi farlo girare in altri teatri<\/p>\n","protected":false},"excerpt":{"rendered":"<p>La vita, per Pier Giorgio Bellocchio e Arcangelo Iannace, sin dalla nascita E\u2019 un processo irreversibile e dunque<\/p>\n","protected":false},"author":3,"featured_media":27288,"comment_status":"open","ping_status":"open","sticky":false,"template":"","format":"standard","meta":{"_jetpack_newsletter_access":"","_jetpack_dont_email_post_to_subs":false,"_jetpack_newsletter_tier_id":0,"_jetpack_memberships_contains_paywalled_content":false,"_jetpack_feature_clip_id":0,"_jetpack_memberships_contains_paid_content":false,"footnotes":"","jetpack_post_was_ever_published":false},"categories":[19],"tags":[648],"class_list":["post-4417","post","type-post","status-publish","format-standard","has-post-thumbnail","hentry","category-teatro-spettacoli-festival-novita-dal-palcoscenico","tag-piergiorgio-bellocchio"],"yoast_head":"<!-- This site is optimized with the Yoast SEO plugin v28.3 - https:\/\/yoast.com\/product\/yoast-seo-wordpress\/ -->\n<title>Bellocchio e Iannace fanno esplodere il mondo - Reflections<\/title>\n<meta name=\"robots\" content=\"index, follow, max-snippet:-1, max-image-preview:large, max-video-preview:-1\" \/>\n<link rel=\"canonical\" href=\"https:\/\/www.reflections.it\/wordpress\/bellocchio-e-iannace-fanno-esplodere-il-mondo\/\" \/>\n<meta property=\"og:locale\" content=\"it_IT\" \/>\n<meta property=\"og:type\" content=\"article\" \/>\n<meta property=\"og:title\" content=\"Bellocchio e Iannace fanno esplodere il mondo - Reflections\" \/>\n<meta property=\"og:description\" content=\"La vita, per Pier Giorgio Bellocchio e Arcangelo Iannace, sin dalla nascita E\u2019 un processo irreversibile e dunque\" \/>\n<meta property=\"og:url\" content=\"https:\/\/www.reflections.it\/wordpress\/bellocchio-e-iannace-fanno-esplodere-il-mondo\/\" \/>\n<meta property=\"og:site_name\" content=\"Reflections\" \/>\n<meta property=\"article:published_time\" content=\"2017-01-09T16:15:31+00:00\" \/>\n<meta property=\"article:modified_time\" content=\"2024-10-16T09:37:49+00:00\" \/>\n<meta property=\"og:image\" content=\"https:\/\/www.reflections.it\/wordpress\/wp-content\/uploads\/2017\/01\/Pier-Giorgio-Bellocchio.jpg\" \/>\n\t<meta property=\"og:image:width\" content=\"800\" \/>\n\t<meta property=\"og:image:height\" content=\"533\" \/>\n\t<meta property=\"og:image:type\" content=\"image\/jpeg\" \/>\n<meta name=\"author\" content=\"Betty Giuliani\" \/>\n<meta name=\"twitter:card\" content=\"summary_large_image\" \/>\n<meta name=\"twitter:label1\" content=\"Scritto da\" \/>\n\t<meta name=\"twitter:data1\" content=\"Betty Giuliani\" \/>\n\t<meta name=\"twitter:label2\" content=\"Tempo di lettura stimato\" \/>\n\t<meta name=\"twitter:data2\" content=\"2 minuti\" \/>\n<script type=\"application\/ld+json\" class=\"yoast-schema-graph\">{\"@context\":\"https:\\\/\\\/schema.org\",\"@graph\":[{\"@type\":\"Article\",\"@id\":\"https:\\\/\\\/www.reflections.it\\\/wordpress\\\/bellocchio-e-iannace-fanno-esplodere-il-mondo\\\/#article\",\"isPartOf\":{\"@id\":\"https:\\\/\\\/www.reflections.it\\\/wordpress\\\/bellocchio-e-iannace-fanno-esplodere-il-mondo\\\/\"},\"author\":{\"name\":\"Betty Giuliani\",\"@id\":\"https:\\\/\\\/www.reflections.it\\\/wordpress\\\/#\\\/schema\\\/person\\\/f183657d6b43fff338120be3a85f6229\"},\"headline\":\"Bellocchio e Iannace fanno esplodere il mondo\",\"datePublished\":\"2017-01-09T16:15:31+00:00\",\"dateModified\":\"2024-10-16T09:37:49+00:00\",\"mainEntityOfPage\":{\"@id\":\"https:\\\/\\\/www.reflections.it\\\/wordpress\\\/bellocchio-e-iannace-fanno-esplodere-il-mondo\\\/\"},\"wordCount\":264,\"commentCount\":0,\"image\":{\"@id\":\"https:\\\/\\\/www.reflections.it\\\/wordpress\\\/bellocchio-e-iannace-fanno-esplodere-il-mondo\\\/#primaryimage\"},\"thumbnailUrl\":\"https:\\\/\\\/i0.wp.com\\\/www.reflections.it\\\/wordpress\\\/wp-content\\\/uploads\\\/2017\\\/01\\\/Pier-Giorgio-Bellocchio.jpg?fit=800%2C533&ssl=1\",\"keywords\":[\"Piergiorgio Bellocchio\"],\"articleSection\":[\"Teatro\"],\"inLanguage\":\"it-IT\",\"potentialAction\":[{\"@type\":\"CommentAction\",\"name\":\"Comment\",\"target\":[\"https:\\\/\\\/www.reflections.it\\\/wordpress\\\/bellocchio-e-iannace-fanno-esplodere-il-mondo\\\/#respond\"]}]},{\"@type\":\"WebPage\",\"@id\":\"https:\\\/\\\/www.reflections.it\\\/wordpress\\\/bellocchio-e-iannace-fanno-esplodere-il-mondo\\\/\",\"url\":\"https:\\\/\\\/www.reflections.it\\\/wordpress\\\/bellocchio-e-iannace-fanno-esplodere-il-mondo\\\/\",\"name\":\"Bellocchio e Iannace fanno esplodere il mondo - Reflections\",\"isPartOf\":{\"@id\":\"https:\\\/\\\/www.reflections.it\\\/wordpress\\\/#website\"},\"primaryImageOfPage\":{\"@id\":\"https:\\\/\\\/www.reflections.it\\\/wordpress\\\/bellocchio-e-iannace-fanno-esplodere-il-mondo\\\/#primaryimage\"},\"image\":{\"@id\":\"https:\\\/\\\/www.reflections.it\\\/wordpress\\\/bellocchio-e-iannace-fanno-esplodere-il-mondo\\\/#primaryimage\"},\"thumbnailUrl\":\"https:\\\/\\\/i0.wp.com\\\/www.reflections.it\\\/wordpress\\\/wp-content\\\/uploads\\\/2017\\\/01\\\/Pier-Giorgio-Bellocchio.jpg?fit=800%2C533&ssl=1\",\"datePublished\":\"2017-01-09T16:15:31+00:00\",\"dateModified\":\"2024-10-16T09:37:49+00:00\",\"author\":{\"@id\":\"https:\\\/\\\/www.reflections.it\\\/wordpress\\\/#\\\/schema\\\/person\\\/f183657d6b43fff338120be3a85f6229\"},\"breadcrumb\":{\"@id\":\"https:\\\/\\\/www.reflections.it\\\/wordpress\\\/bellocchio-e-iannace-fanno-esplodere-il-mondo\\\/#breadcrumb\"},\"inLanguage\":\"it-IT\",\"potentialAction\":[{\"@type\":\"ReadAction\",\"target\":[\"https:\\\/\\\/www.reflections.it\\\/wordpress\\\/bellocchio-e-iannace-fanno-esplodere-il-mondo\\\/\"]}]},{\"@type\":\"ImageObject\",\"inLanguage\":\"it-IT\",\"@id\":\"https:\\\/\\\/www.reflections.it\\\/wordpress\\\/bellocchio-e-iannace-fanno-esplodere-il-mondo\\\/#primaryimage\",\"url\":\"https:\\\/\\\/i0.wp.com\\\/www.reflections.it\\\/wordpress\\\/wp-content\\\/uploads\\\/2017\\\/01\\\/Pier-Giorgio-Bellocchio.jpg?fit=800%2C533&ssl=1\",\"contentUrl\":\"https:\\\/\\\/i0.wp.com\\\/www.reflections.it\\\/wordpress\\\/wp-content\\\/uploads\\\/2017\\\/01\\\/Pier-Giorgio-Bellocchio.jpg?fit=800%2C533&ssl=1\",\"width\":800,\"height\":533},{\"@type\":\"BreadcrumbList\",\"@id\":\"https:\\\/\\\/www.reflections.it\\\/wordpress\\\/bellocchio-e-iannace-fanno-esplodere-il-mondo\\\/#breadcrumb\",\"itemListElement\":[{\"@type\":\"ListItem\",\"position\":1,\"name\":\"Home\",\"item\":\"https:\\\/\\\/www.reflections.it\\\/wordpress\\\/\"},{\"@type\":\"ListItem\",\"position\":2,\"name\":\"Bellocchio e Iannace fanno esplodere il mondo\"}]},{\"@type\":\"WebSite\",\"@id\":\"https:\\\/\\\/www.reflections.it\\\/wordpress\\\/#website\",\"url\":\"https:\\\/\\\/www.reflections.it\\\/wordpress\\\/\",\"name\":\"Reflections\",\"description\":\"\",\"potentialAction\":[{\"@type\":\"SearchAction\",\"target\":{\"@type\":\"EntryPoint\",\"urlTemplate\":\"https:\\\/\\\/www.reflections.it\\\/wordpress\\\/?s={search_term_string}\"},\"query-input\":{\"@type\":\"PropertyValueSpecification\",\"valueRequired\":true,\"valueName\":\"search_term_string\"}}],\"inLanguage\":\"it-IT\"},{\"@type\":\"Person\",\"@id\":\"https:\\\/\\\/www.reflections.it\\\/wordpress\\\/#\\\/schema\\\/person\\\/f183657d6b43fff338120be3a85f6229\",\"name\":\"Betty Giuliani\",\"image\":{\"@type\":\"ImageObject\",\"inLanguage\":\"it-IT\",\"@id\":\"https:\\\/\\\/secure.gravatar.com\\\/avatar\\\/bb0b8026bcdc675a47ac5a60279cdc0e12a278e9f67b031091d60c4691bb8a23?s=96&d=mm&r=g\",\"url\":\"https:\\\/\\\/secure.gravatar.com\\\/avatar\\\/bb0b8026bcdc675a47ac5a60279cdc0e12a278e9f67b031091d60c4691bb8a23?s=96&d=mm&r=g\",\"contentUrl\":\"https:\\\/\\\/secure.gravatar.com\\\/avatar\\\/bb0b8026bcdc675a47ac5a60279cdc0e12a278e9f67b031091d60c4691bb8a23?s=96&d=mm&r=g\",\"caption\":\"Betty Giuliani\"},\"url\":\"https:\\\/\\\/www.reflections.it\\\/wordpress\\\/author\\\/betty-giuliani\\\/\"}]}<\/script>\n<!-- \/ Yoast SEO plugin. -->","yoast_head_json":{"title":"Bellocchio e Iannace fanno esplodere il mondo - Reflections","robots":{"index":"index","follow":"follow","max-snippet":"max-snippet:-1","max-image-preview":"max-image-preview:large","max-video-preview":"max-video-preview:-1"},"canonical":"https:\/\/www.reflections.it\/wordpress\/bellocchio-e-iannace-fanno-esplodere-il-mondo\/","og_locale":"it_IT","og_type":"article","og_title":"Bellocchio e Iannace fanno esplodere il mondo - Reflections","og_description":"La vita, per Pier Giorgio Bellocchio e Arcangelo Iannace, sin dalla nascita E\u2019 un processo irreversibile e dunque","og_url":"https:\/\/www.reflections.it\/wordpress\/bellocchio-e-iannace-fanno-esplodere-il-mondo\/","og_site_name":"Reflections","article_published_time":"2017-01-09T16:15:31+00:00","article_modified_time":"2024-10-16T09:37:49+00:00","og_image":[{"width":800,"height":533,"url":"https:\/\/www.reflections.it\/wordpress\/wp-content\/uploads\/2017\/01\/Pier-Giorgio-Bellocchio.jpg","type":"image\/jpeg"}],"author":"Betty Giuliani","twitter_card":"summary_large_image","twitter_misc":{"Scritto da":"Betty Giuliani","Tempo di lettura stimato":"2 minuti"},"schema":{"@context":"https:\/\/schema.org","@graph":[{"@type":"Article","@id":"https:\/\/www.reflections.it\/wordpress\/bellocchio-e-iannace-fanno-esplodere-il-mondo\/#article","isPartOf":{"@id":"https:\/\/www.reflections.it\/wordpress\/bellocchio-e-iannace-fanno-esplodere-il-mondo\/"},"author":{"name":"Betty Giuliani","@id":"https:\/\/www.reflections.it\/wordpress\/#\/schema\/person\/f183657d6b43fff338120be3a85f6229"},"headline":"Bellocchio e Iannace fanno esplodere il mondo","datePublished":"2017-01-09T16:15:31+00:00","dateModified":"2024-10-16T09:37:49+00:00","mainEntityOfPage":{"@id":"https:\/\/www.reflections.it\/wordpress\/bellocchio-e-iannace-fanno-esplodere-il-mondo\/"},"wordCount":264,"commentCount":0,"image":{"@id":"https:\/\/www.reflections.it\/wordpress\/bellocchio-e-iannace-fanno-esplodere-il-mondo\/#primaryimage"},"thumbnailUrl":"https:\/\/i0.wp.com\/www.reflections.it\/wordpress\/wp-content\/uploads\/2017\/01\/Pier-Giorgio-Bellocchio.jpg?fit=800%2C533&ssl=1","keywords":["Piergiorgio Bellocchio"],"articleSection":["Teatro"],"inLanguage":"it-IT","potentialAction":[{"@type":"CommentAction","name":"Comment","target":["https:\/\/www.reflections.it\/wordpress\/bellocchio-e-iannace-fanno-esplodere-il-mondo\/#respond"]}]},{"@type":"WebPage","@id":"https:\/\/www.reflections.it\/wordpress\/bellocchio-e-iannace-fanno-esplodere-il-mondo\/","url":"https:\/\/www.reflections.it\/wordpress\/bellocchio-e-iannace-fanno-esplodere-il-mondo\/","name":"Bellocchio e Iannace fanno esplodere il mondo - Reflections","isPartOf":{"@id":"https:\/\/www.reflections.it\/wordpress\/#website"},"primaryImageOfPage":{"@id":"https:\/\/www.reflections.it\/wordpress\/bellocchio-e-iannace-fanno-esplodere-il-mondo\/#primaryimage"},"image":{"@id":"https:\/\/www.reflections.it\/wordpress\/bellocchio-e-iannace-fanno-esplodere-il-mondo\/#primaryimage"},"thumbnailUrl":"https:\/\/i0.wp.com\/www.reflections.it\/wordpress\/wp-content\/uploads\/2017\/01\/Pier-Giorgio-Bellocchio.jpg?fit=800%2C533&ssl=1","datePublished":"2017-01-09T16:15:31+00:00","dateModified":"2024-10-16T09:37:49+00:00","author":{"@id":"https:\/\/www.reflections.it\/wordpress\/#\/schema\/person\/f183657d6b43fff338120be3a85f6229"},"breadcrumb":{"@id":"https:\/\/www.reflections.it\/wordpress\/bellocchio-e-iannace-fanno-esplodere-il-mondo\/#breadcrumb"},"inLanguage":"it-IT","potentialAction":[{"@type":"ReadAction","target":["https:\/\/www.reflections.it\/wordpress\/bellocchio-e-iannace-fanno-esplodere-il-mondo\/"]}]},{"@type":"ImageObject","inLanguage":"it-IT","@id":"https:\/\/www.reflections.it\/wordpress\/bellocchio-e-iannace-fanno-esplodere-il-mondo\/#primaryimage","url":"https:\/\/i0.wp.com\/www.reflections.it\/wordpress\/wp-content\/uploads\/2017\/01\/Pier-Giorgio-Bellocchio.jpg?fit=800%2C533&ssl=1","contentUrl":"https:\/\/i0.wp.com\/www.reflections.it\/wordpress\/wp-content\/uploads\/2017\/01\/Pier-Giorgio-Bellocchio.jpg?fit=800%2C533&ssl=1","width":800,"height":533},{"@type":"BreadcrumbList","@id":"https:\/\/www.reflections.it\/wordpress\/bellocchio-e-iannace-fanno-esplodere-il-mondo\/#breadcrumb","itemListElement":[{"@type":"ListItem","position":1,"name":"Home","item":"https:\/\/www.reflections.it\/wordpress\/"},{"@type":"ListItem","position":2,"name":"Bellocchio e Iannace fanno esplodere il mondo"}]},{"@type":"WebSite","@id":"https:\/\/www.reflections.it\/wordpress\/#website","url":"https:\/\/www.reflections.it\/wordpress\/","name":"Reflections","description":"","potentialAction":[{"@type":"SearchAction","target":{"@type":"EntryPoint","urlTemplate":"https:\/\/www.reflections.it\/wordpress\/?s={search_term_string}"},"query-input":{"@type":"PropertyValueSpecification","valueRequired":true,"valueName":"search_term_string"}}],"inLanguage":"it-IT"},{"@type":"Person","@id":"https:\/\/www.reflections.it\/wordpress\/#\/schema\/person\/f183657d6b43fff338120be3a85f6229","name":"Betty Giuliani","image":{"@type":"ImageObject","inLanguage":"it-IT","@id":"https:\/\/secure.gravatar.com\/avatar\/bb0b8026bcdc675a47ac5a60279cdc0e12a278e9f67b031091d60c4691bb8a23?s=96&d=mm&r=g","url":"https:\/\/secure.gravatar.com\/avatar\/bb0b8026bcdc675a47ac5a60279cdc0e12a278e9f67b031091d60c4691bb8a23?s=96&d=mm&r=g","contentUrl":"https:\/\/secure.gravatar.com\/avatar\/bb0b8026bcdc675a47ac5a60279cdc0e12a278e9f67b031091d60c4691bb8a23?s=96&d=mm&r=g","caption":"Betty Giuliani"},"url":"https:\/\/www.reflections.it\/wordpress\/author\/betty-giuliani\/"}]}},"featured_image_urls":{"full":["https:\/\/i0.wp.com\/www.reflections.it\/wordpress\/wp-content\/uploads\/2017\/01\/Pier-Giorgio-Bellocchio.jpg?fit=800%2C533&ssl=1",800,533,false],"thumbnail":["https:\/\/i0.wp.com\/www.reflections.it\/wordpress\/wp-content\/uploads\/2017\/01\/Pier-Giorgio-Bellocchio.jpg?resize=150%2C150&ssl=1",150,150,true],"medium":["https:\/\/i0.wp.com\/www.reflections.it\/wordpress\/wp-content\/uploads\/2017\/01\/Pier-Giorgio-Bellocchio.jpg?fit=300%2C200&ssl=1",300,200,true],"medium_large":["https:\/\/i0.wp.com\/www.reflections.it\/wordpress\/wp-content\/uploads\/2017\/01\/Pier-Giorgio-Bellocchio.jpg?fit=640%2C427&ssl=1",640,427,true],"large":["https:\/\/i0.wp.com\/www.reflections.it\/wordpress\/wp-content\/uploads\/2017\/01\/Pier-Giorgio-Bellocchio.jpg?fit=640%2C426&ssl=1",640,426,true],"1536x1536":["https:\/\/i0.wp.com\/www.reflections.it\/wordpress\/wp-content\/uploads\/2017\/01\/Pier-Giorgio-Bellocchio.jpg?fit=800%2C533&ssl=1",800,533,true],"2048x2048":["https:\/\/i0.wp.com\/www.reflections.it\/wordpress\/wp-content\/uploads\/2017\/01\/Pier-Giorgio-Bellocchio.jpg?fit=800%2C533&ssl=1",800,533,true],"morenews-large":["https:\/\/i0.wp.com\/www.reflections.it\/wordpress\/wp-content\/uploads\/2017\/01\/Pier-Giorgio-Bellocchio.jpg?resize=800%2C533&ssl=1",800,533,true],"morenews-medium":["https:\/\/i0.wp.com\/www.reflections.it\/wordpress\/wp-content\/uploads\/2017\/01\/Pier-Giorgio-Bellocchio.jpg?resize=590%2C410&ssl=1",590,410,true]},"author_info":{"display_name":"Betty Giuliani","author_link":"https:\/\/www.reflections.it\/wordpress\/author\/betty-giuliani\/"},"category_info":"<a href=\"https:\/\/www.reflections.it\/wordpress\/category\/teatro-spettacoli-festival-novita-dal-palcoscenico\/\" rel=\"category tag\">Teatro<\/a>","tag_info":"Teatro","comment_count":"0","jetpack_sharing_enabled":true,"jetpack-related-posts":[],"jetpack_featured_media_url":"https:\/\/i0.wp.com\/www.reflections.it\/wordpress\/wp-content\/uploads\/2017\/01\/Pier-Giorgio-Bellocchio.jpg?fit=800%2C533&ssl=1","_links":{"self":[{"href":"https:\/\/www.reflections.it\/wordpress\/wp-json\/wp\/v2\/posts\/4417","targetHints":{"allow":["GET"]}}],"collection":[{"href":"https:\/\/www.reflections.it\/wordpress\/wp-json\/wp\/v2\/posts"}],"about":[{"href":"https:\/\/www.reflections.it\/wordpress\/wp-json\/wp\/v2\/types\/post"}],"author":[{"embeddable":true,"href":"https:\/\/www.reflections.it\/wordpress\/wp-json\/wp\/v2\/users\/3"}],"replies":[{"embeddable":true,"href":"https:\/\/www.reflections.it\/wordpress\/wp-json\/wp\/v2\/comments?post=4417"}],"version-history":[{"count":2,"href":"https:\/\/www.reflections.it\/wordpress\/wp-json\/wp\/v2\/posts\/4417\/revisions"}],"predecessor-version":[{"id":4419,"href":"https:\/\/www.reflections.it\/wordpress\/wp-json\/wp\/v2\/posts\/4417\/revisions\/4419"}],"wp:featuredmedia":[{"embeddable":true,"href":"https:\/\/www.reflections.it\/wordpress\/wp-json\/wp\/v2\/media\/27288"}],"wp:attachment":[{"href":"https:\/\/www.reflections.it\/wordpress\/wp-json\/wp\/v2\/media?parent=4417"}],"wp:term":[{"taxonomy":"category","embeddable":true,"href":"https:\/\/www.reflections.it\/wordpress\/wp-json\/wp\/v2\/categories?post=4417"},{"taxonomy":"post_tag","embeddable":true,"href":"https:\/\/www.reflections.it\/wordpress\/wp-json\/wp\/v2\/tags?post=4417"}],"curies":[{"name":"wp","href":"https:\/\/api.w.org\/{rel}","templated":true}]}}