{"id":4131,"date":"2016-10-16T21:29:21","date_gmt":"2016-10-16T19:29:21","guid":{"rendered":"http:\/\/www.reflections.it\/wordpress\/?p=4131"},"modified":"2025-10-11T07:40:10","modified_gmt":"2025-10-11T05:40:10","slug":"snowden-oliver-stone","status":"publish","type":"post","link":"https:\/\/www.reflections.it\/wordpress\/snowden-oliver-stone\/","title":{"rendered":"Stone e la cyberguerra made in Usa"},"content":{"rendered":"\n<p class=\"wp-block-paragraph\">Quanti conoscono Edward Snowden e ricordano ci\u00f2 che ha rivelato? Se lo \u00e8 chiesto il regista tre volte premio Oscar <strong>Oliver Stone<\/strong> decidendo di raccontare nel suo ventiduesimo film, <strong><em>Snowden<\/em><\/strong>, interpretato da <strong>Joseph Gordon-Levitt<\/strong>, la storia del trentenne tecnico informatico ex dipendente della Cia e dell\u2019NSA che ha svelato al mondo che siamo tutti sotto sorveglianza, 24 ore su 24. Come? Con il controllo delle mail, delle conversazioni in chat, dei post sui social network, di chiunque e ovunque.<\/p>\n\n\n\n<p class=\"wp-block-paragraph\">Una cyberguerra per sorvegliare le masse, ufficialmente per combattere il terrorismo, in realt\u00e0 per osservare tutto e tutti e poter poi promuovere la propria causa, cambiare regimi, come in Libia, in Brasile. Lo sostiene convinto il neosettantenne regista statunitense presentando alla <strong><em>Festa del Cinema di Roma<\/em> <\/strong>il film che sar\u00e0 nelle sale dal 1 dicembre con BIM. Conquistato dalla storia, ha incontrato parecchie volte l\u2019hacker, che ora vive esiliato a Mosca, impiegando un paio d\u2019anni per tradurre la vicenda in un film appetibile al grande pubblico, tra mille difficolt\u00e0, soprattutto a reperire i fondi, negati dai suoi connazionali e trovati in Francia e Germania, dove ha girato per non avere problemi, spostandosi poi a Hong Kong e in Russia.<\/p>\n\n\n\n<p class=\"wp-block-paragraph\">Stone mette a nudo il percorso di quel fragile ragazzo epilettico dalla mente portentosa. Un giovanissimo genio informatico che lavora per la CIA e per la National Security Agency statunitense occupandosi di spionaggio online . Il film parte dalle ore decisive a Hong Kong, alla stanza d&#8217;albergo in cui la sua confessione \u00e8 registrata e poi divulgata al mondo da <em>Citizenfour<\/em>,&nbsp;&nbsp;il documentario premio Oscar di Laura Poitras. Retrocede poi alla sua formazione militare, al suo congedo per motivi di salute dai Corpi Speciali dei Marines, per arrivare al presente, in cui Edward dopo l&#8217;11 settembre si arruola nella CIA per servire l&#8217;America. Ma quando scopre che l&#8217;agenzia di fatto spia anche i cittadini americani ledendo il loro diritto alla privacy, convoca i giornalisti del Guardian. Ne nasce uno scandalo di dimensioni globali, che costringe Snowden a scappare, e restare tul ttora rifugiato politico in Russia.<\/p>\n\n\n\n<p class=\"wp-block-paragraph\">\u201cE\u2019 un film kafkiano \u2013 spiega Stone -, non una spy story con sparatorie e inseguimenti ma molto realistico, malgrado sintetizzi in due ore il suo lavoro durato nove anni. Snowden mi ha dato consigli preziosi, temevo che gli haker danneggiassero il film. Negli Usa \u00e8 stato accolto da alcuni bene da altri malissimo\u201d. Non crede che gli americani abbiamo capito di cosa si tratti: \u201cE\u2019 una storia molto complicata che riguarda tutto il mondo, il film cerca di rendere pi\u00f9 comprensibile questo messaggio. Da noi chi rivela segreti del governo \u00e8 considerato dalla gente un cattivo, sono ancora pochi a sapere chi \u00e8 Snowden\u201d. &nbsp;Sull\u2019uso indiscriminato dei cellulari dice: \u201cConsiglio sempre di fare attenzione, siamo tutti potenzialmente schedati, usiamo dati crittografati\u201d.<\/p>\n\n\n\n<p class=\"wp-block-paragraph\">Su Obama va gi\u00f9 pesante: \u201cInvece di portare avanti una riforma sulla protezione dei dati personali ha reso pi\u00f9 difficile per tutti dire la verit\u00e0\u201d. Di Tramp dice: \u201cNon penso possa farcela, la Clinton per\u00f2 rappresenta il sistema, chiss\u00e0 se sar\u00e0 pi\u00f9 dura e militarista del suo predecessore\u201d.<br>Considera buono il bilancio dei suoi 70 anni: \u201cNon vivr\u00f2 moltissimo dopo questa tappa, era bene dire ci\u00f2 che dovevo dire\u201d.<\/p>\n","protected":false},"excerpt":{"rendered":"<p>Quanti conoscono Edward Snowden e ricordano ci\u00f2 che ha rivelato? Se lo \u00e8 chiesto il regista tre volte<\/p>\n","protected":false},"author":3,"featured_media":32205,"comment_status":"open","ping_status":"open","sticky":false,"template":"","format":"standard","meta":{"_jetpack_newsletter_access":"","_jetpack_dont_email_post_to_subs":false,"_jetpack_newsletter_tier_id":0,"_jetpack_memberships_contains_paywalled_content":false,"_jetpack_feature_clip_id":0,"_jetpack_memberships_contains_paid_content":false,"footnotes":"","jetpack_post_was_ever_published":false},"categories":[12],"tags":[],"class_list":["post-4131","post","type-post","status-publish","format-standard","has-post-thumbnail","hentry","category-cinema-recensioni-novita-approfondimenti"],"yoast_head":"<!-- This site is optimized with the Yoast SEO plugin v28.3 - https:\/\/yoast.com\/product\/yoast-seo-wordpress\/ -->\n<title>Oliver Stone: \u00abSiamo tutti spiati\u00bb - Reflections<\/title>\n<meta name=\"description\" content=\"Oliver Stone racconta del trentenne informatico ex dipendente della Cia e dell\u2019NSA che ha svelato al mondo che siamo tutti sotto sorveglianza\" \/>\n<meta name=\"robots\" content=\"index, follow, max-snippet:-1, max-image-preview:large, max-video-preview:-1\" \/>\n<link rel=\"canonical\" href=\"https:\/\/www.reflections.it\/wordpress\/snowden-oliver-stone\/\" \/>\n<meta property=\"og:locale\" content=\"it_IT\" \/>\n<meta property=\"og:type\" content=\"article\" \/>\n<meta property=\"og:title\" content=\"Oliver Stone: \u00abSiamo tutti spiati\u00bb - Reflections\" \/>\n<meta property=\"og:description\" content=\"Oliver Stone racconta del trentenne informatico ex dipendente della Cia e dell\u2019NSA che ha svelato al mondo che siamo tutti sotto sorveglianza\" \/>\n<meta property=\"og:url\" content=\"https:\/\/www.reflections.it\/wordpress\/snowden-oliver-stone\/\" \/>\n<meta property=\"og:site_name\" content=\"Reflections\" \/>\n<meta property=\"article:published_time\" content=\"2016-10-16T19:29:21+00:00\" \/>\n<meta property=\"article:modified_time\" content=\"2025-10-11T05:40:10+00:00\" \/>\n<meta property=\"og:image\" content=\"https:\/\/www.reflections.it\/wordpress\/wp-content\/uploads\/2016\/10\/oliver_stone.jpg\" \/>\n\t<meta property=\"og:image:width\" content=\"600\" \/>\n\t<meta property=\"og:image:height\" content=\"338\" \/>\n\t<meta property=\"og:image:type\" content=\"image\/jpeg\" \/>\n<meta name=\"author\" content=\"Betty Giuliani\" \/>\n<meta name=\"twitter:card\" content=\"summary_large_image\" \/>\n<meta name=\"twitter:label1\" content=\"Scritto da\" \/>\n\t<meta name=\"twitter:data1\" content=\"Betty Giuliani\" \/>\n\t<meta name=\"twitter:label2\" content=\"Tempo di lettura stimato\" \/>\n\t<meta name=\"twitter:data2\" content=\"4 minuti\" \/>\n<script type=\"application\/ld+json\" class=\"yoast-schema-graph\">{\"@context\":\"https:\\\/\\\/schema.org\",\"@graph\":[{\"@type\":\"Article\",\"@id\":\"https:\\\/\\\/www.reflections.it\\\/wordpress\\\/snowden-oliver-stone\\\/#article\",\"isPartOf\":{\"@id\":\"https:\\\/\\\/www.reflections.it\\\/wordpress\\\/snowden-oliver-stone\\\/\"},\"author\":{\"name\":\"Betty Giuliani\",\"@id\":\"https:\\\/\\\/www.reflections.it\\\/wordpress\\\/#\\\/schema\\\/person\\\/f183657d6b43fff338120be3a85f6229\"},\"headline\":\"Stone e la cyberguerra made in Usa\",\"datePublished\":\"2016-10-16T19:29:21+00:00\",\"dateModified\":\"2025-10-11T05:40:10+00:00\",\"mainEntityOfPage\":{\"@id\":\"https:\\\/\\\/www.reflections.it\\\/wordpress\\\/snowden-oliver-stone\\\/\"},\"wordCount\":541,\"commentCount\":0,\"image\":{\"@id\":\"https:\\\/\\\/www.reflections.it\\\/wordpress\\\/snowden-oliver-stone\\\/#primaryimage\"},\"thumbnailUrl\":\"https:\\\/\\\/i0.wp.com\\\/www.reflections.it\\\/wordpress\\\/wp-content\\\/uploads\\\/2016\\\/10\\\/oliver_stone.jpg?fit=600%2C338&ssl=1\",\"articleSection\":[\"Cinema\"],\"inLanguage\":\"it-IT\",\"potentialAction\":[{\"@type\":\"CommentAction\",\"name\":\"Comment\",\"target\":[\"https:\\\/\\\/www.reflections.it\\\/wordpress\\\/snowden-oliver-stone\\\/#respond\"]}]},{\"@type\":\"WebPage\",\"@id\":\"https:\\\/\\\/www.reflections.it\\\/wordpress\\\/snowden-oliver-stone\\\/\",\"url\":\"https:\\\/\\\/www.reflections.it\\\/wordpress\\\/snowden-oliver-stone\\\/\",\"name\":\"Oliver Stone: \u00abSiamo tutti spiati\u00bb - Reflections\",\"isPartOf\":{\"@id\":\"https:\\\/\\\/www.reflections.it\\\/wordpress\\\/#website\"},\"primaryImageOfPage\":{\"@id\":\"https:\\\/\\\/www.reflections.it\\\/wordpress\\\/snowden-oliver-stone\\\/#primaryimage\"},\"image\":{\"@id\":\"https:\\\/\\\/www.reflections.it\\\/wordpress\\\/snowden-oliver-stone\\\/#primaryimage\"},\"thumbnailUrl\":\"https:\\\/\\\/i0.wp.com\\\/www.reflections.it\\\/wordpress\\\/wp-content\\\/uploads\\\/2016\\\/10\\\/oliver_stone.jpg?fit=600%2C338&ssl=1\",\"datePublished\":\"2016-10-16T19:29:21+00:00\",\"dateModified\":\"2025-10-11T05:40:10+00:00\",\"author\":{\"@id\":\"https:\\\/\\\/www.reflections.it\\\/wordpress\\\/#\\\/schema\\\/person\\\/f183657d6b43fff338120be3a85f6229\"},\"description\":\"Oliver Stone racconta del trentenne informatico ex dipendente della Cia e dell\u2019NSA che ha svelato al mondo che siamo tutti sotto sorveglianza\",\"breadcrumb\":{\"@id\":\"https:\\\/\\\/www.reflections.it\\\/wordpress\\\/snowden-oliver-stone\\\/#breadcrumb\"},\"inLanguage\":\"it-IT\",\"potentialAction\":[{\"@type\":\"ReadAction\",\"target\":[\"https:\\\/\\\/www.reflections.it\\\/wordpress\\\/snowden-oliver-stone\\\/\"]}]},{\"@type\":\"ImageObject\",\"inLanguage\":\"it-IT\",\"@id\":\"https:\\\/\\\/www.reflections.it\\\/wordpress\\\/snowden-oliver-stone\\\/#primaryimage\",\"url\":\"https:\\\/\\\/i0.wp.com\\\/www.reflections.it\\\/wordpress\\\/wp-content\\\/uploads\\\/2016\\\/10\\\/oliver_stone.jpg?fit=600%2C338&ssl=1\",\"contentUrl\":\"https:\\\/\\\/i0.wp.com\\\/www.reflections.it\\\/wordpress\\\/wp-content\\\/uploads\\\/2016\\\/10\\\/oliver_stone.jpg?fit=600%2C338&ssl=1\",\"width\":600,\"height\":338,\"caption\":\"Oliver Stone\"},{\"@type\":\"BreadcrumbList\",\"@id\":\"https:\\\/\\\/www.reflections.it\\\/wordpress\\\/snowden-oliver-stone\\\/#breadcrumb\",\"itemListElement\":[{\"@type\":\"ListItem\",\"position\":1,\"name\":\"Home\",\"item\":\"https:\\\/\\\/www.reflections.it\\\/wordpress\\\/\"},{\"@type\":\"ListItem\",\"position\":2,\"name\":\"Stone e la cyberguerra made in Usa\"}]},{\"@type\":\"WebSite\",\"@id\":\"https:\\\/\\\/www.reflections.it\\\/wordpress\\\/#website\",\"url\":\"https:\\\/\\\/www.reflections.it\\\/wordpress\\\/\",\"name\":\"Reflections\",\"description\":\"\",\"potentialAction\":[{\"@type\":\"SearchAction\",\"target\":{\"@type\":\"EntryPoint\",\"urlTemplate\":\"https:\\\/\\\/www.reflections.it\\\/wordpress\\\/?s={search_term_string}\"},\"query-input\":{\"@type\":\"PropertyValueSpecification\",\"valueRequired\":true,\"valueName\":\"search_term_string\"}}],\"inLanguage\":\"it-IT\"},{\"@type\":\"Person\",\"@id\":\"https:\\\/\\\/www.reflections.it\\\/wordpress\\\/#\\\/schema\\\/person\\\/f183657d6b43fff338120be3a85f6229\",\"name\":\"Betty Giuliani\",\"image\":{\"@type\":\"ImageObject\",\"inLanguage\":\"it-IT\",\"@id\":\"https:\\\/\\\/secure.gravatar.com\\\/avatar\\\/bb0b8026bcdc675a47ac5a60279cdc0e12a278e9f67b031091d60c4691bb8a23?s=96&d=mm&r=g\",\"url\":\"https:\\\/\\\/secure.gravatar.com\\\/avatar\\\/bb0b8026bcdc675a47ac5a60279cdc0e12a278e9f67b031091d60c4691bb8a23?s=96&d=mm&r=g\",\"contentUrl\":\"https:\\\/\\\/secure.gravatar.com\\\/avatar\\\/bb0b8026bcdc675a47ac5a60279cdc0e12a278e9f67b031091d60c4691bb8a23?s=96&d=mm&r=g\",\"caption\":\"Betty Giuliani\"},\"url\":\"https:\\\/\\\/www.reflections.it\\\/wordpress\\\/author\\\/betty-giuliani\\\/\"}]}<\/script>\n<!-- \/ Yoast SEO plugin. -->","yoast_head_json":{"title":"Oliver Stone: \u00abSiamo tutti spiati\u00bb - Reflections","description":"Oliver Stone racconta del trentenne informatico ex dipendente della Cia e dell\u2019NSA che ha svelato al mondo che siamo tutti sotto sorveglianza","robots":{"index":"index","follow":"follow","max-snippet":"max-snippet:-1","max-image-preview":"max-image-preview:large","max-video-preview":"max-video-preview:-1"},"canonical":"https:\/\/www.reflections.it\/wordpress\/snowden-oliver-stone\/","og_locale":"it_IT","og_type":"article","og_title":"Oliver Stone: \u00abSiamo tutti spiati\u00bb - Reflections","og_description":"Oliver Stone racconta del trentenne informatico ex dipendente della Cia e dell\u2019NSA che ha svelato al mondo che siamo tutti sotto sorveglianza","og_url":"https:\/\/www.reflections.it\/wordpress\/snowden-oliver-stone\/","og_site_name":"Reflections","article_published_time":"2016-10-16T19:29:21+00:00","article_modified_time":"2025-10-11T05:40:10+00:00","og_image":[{"width":600,"height":338,"url":"https:\/\/www.reflections.it\/wordpress\/wp-content\/uploads\/2016\/10\/oliver_stone.jpg","type":"image\/jpeg"}],"author":"Betty Giuliani","twitter_card":"summary_large_image","twitter_misc":{"Scritto da":"Betty Giuliani","Tempo di lettura stimato":"4 minuti"},"schema":{"@context":"https:\/\/schema.org","@graph":[{"@type":"Article","@id":"https:\/\/www.reflections.it\/wordpress\/snowden-oliver-stone\/#article","isPartOf":{"@id":"https:\/\/www.reflections.it\/wordpress\/snowden-oliver-stone\/"},"author":{"name":"Betty Giuliani","@id":"https:\/\/www.reflections.it\/wordpress\/#\/schema\/person\/f183657d6b43fff338120be3a85f6229"},"headline":"Stone e la cyberguerra made in Usa","datePublished":"2016-10-16T19:29:21+00:00","dateModified":"2025-10-11T05:40:10+00:00","mainEntityOfPage":{"@id":"https:\/\/www.reflections.it\/wordpress\/snowden-oliver-stone\/"},"wordCount":541,"commentCount":0,"image":{"@id":"https:\/\/www.reflections.it\/wordpress\/snowden-oliver-stone\/#primaryimage"},"thumbnailUrl":"https:\/\/i0.wp.com\/www.reflections.it\/wordpress\/wp-content\/uploads\/2016\/10\/oliver_stone.jpg?fit=600%2C338&ssl=1","articleSection":["Cinema"],"inLanguage":"it-IT","potentialAction":[{"@type":"CommentAction","name":"Comment","target":["https:\/\/www.reflections.it\/wordpress\/snowden-oliver-stone\/#respond"]}]},{"@type":"WebPage","@id":"https:\/\/www.reflections.it\/wordpress\/snowden-oliver-stone\/","url":"https:\/\/www.reflections.it\/wordpress\/snowden-oliver-stone\/","name":"Oliver Stone: \u00abSiamo tutti spiati\u00bb - Reflections","isPartOf":{"@id":"https:\/\/www.reflections.it\/wordpress\/#website"},"primaryImageOfPage":{"@id":"https:\/\/www.reflections.it\/wordpress\/snowden-oliver-stone\/#primaryimage"},"image":{"@id":"https:\/\/www.reflections.it\/wordpress\/snowden-oliver-stone\/#primaryimage"},"thumbnailUrl":"https:\/\/i0.wp.com\/www.reflections.it\/wordpress\/wp-content\/uploads\/2016\/10\/oliver_stone.jpg?fit=600%2C338&ssl=1","datePublished":"2016-10-16T19:29:21+00:00","dateModified":"2025-10-11T05:40:10+00:00","author":{"@id":"https:\/\/www.reflections.it\/wordpress\/#\/schema\/person\/f183657d6b43fff338120be3a85f6229"},"description":"Oliver Stone racconta del trentenne informatico ex dipendente della Cia e dell\u2019NSA che ha svelato al mondo che siamo tutti sotto sorveglianza","breadcrumb":{"@id":"https:\/\/www.reflections.it\/wordpress\/snowden-oliver-stone\/#breadcrumb"},"inLanguage":"it-IT","potentialAction":[{"@type":"ReadAction","target":["https:\/\/www.reflections.it\/wordpress\/snowden-oliver-stone\/"]}]},{"@type":"ImageObject","inLanguage":"it-IT","@id":"https:\/\/www.reflections.it\/wordpress\/snowden-oliver-stone\/#primaryimage","url":"https:\/\/i0.wp.com\/www.reflections.it\/wordpress\/wp-content\/uploads\/2016\/10\/oliver_stone.jpg?fit=600%2C338&ssl=1","contentUrl":"https:\/\/i0.wp.com\/www.reflections.it\/wordpress\/wp-content\/uploads\/2016\/10\/oliver_stone.jpg?fit=600%2C338&ssl=1","width":600,"height":338,"caption":"Oliver Stone"},{"@type":"BreadcrumbList","@id":"https:\/\/www.reflections.it\/wordpress\/snowden-oliver-stone\/#breadcrumb","itemListElement":[{"@type":"ListItem","position":1,"name":"Home","item":"https:\/\/www.reflections.it\/wordpress\/"},{"@type":"ListItem","position":2,"name":"Stone e la cyberguerra made in Usa"}]},{"@type":"WebSite","@id":"https:\/\/www.reflections.it\/wordpress\/#website","url":"https:\/\/www.reflections.it\/wordpress\/","name":"Reflections","description":"","potentialAction":[{"@type":"SearchAction","target":{"@type":"EntryPoint","urlTemplate":"https:\/\/www.reflections.it\/wordpress\/?s={search_term_string}"},"query-input":{"@type":"PropertyValueSpecification","valueRequired":true,"valueName":"search_term_string"}}],"inLanguage":"it-IT"},{"@type":"Person","@id":"https:\/\/www.reflections.it\/wordpress\/#\/schema\/person\/f183657d6b43fff338120be3a85f6229","name":"Betty Giuliani","image":{"@type":"ImageObject","inLanguage":"it-IT","@id":"https:\/\/secure.gravatar.com\/avatar\/bb0b8026bcdc675a47ac5a60279cdc0e12a278e9f67b031091d60c4691bb8a23?s=96&d=mm&r=g","url":"https:\/\/secure.gravatar.com\/avatar\/bb0b8026bcdc675a47ac5a60279cdc0e12a278e9f67b031091d60c4691bb8a23?s=96&d=mm&r=g","contentUrl":"https:\/\/secure.gravatar.com\/avatar\/bb0b8026bcdc675a47ac5a60279cdc0e12a278e9f67b031091d60c4691bb8a23?s=96&d=mm&r=g","caption":"Betty Giuliani"},"url":"https:\/\/www.reflections.it\/wordpress\/author\/betty-giuliani\/"}]}},"featured_image_urls":{"full":["https:\/\/i0.wp.com\/www.reflections.it\/wordpress\/wp-content\/uploads\/2016\/10\/oliver_stone.jpg?fit=600%2C338&ssl=1",600,338,false],"thumbnail":["https:\/\/i0.wp.com\/www.reflections.it\/wordpress\/wp-content\/uploads\/2016\/10\/oliver_stone.jpg?resize=150%2C150&ssl=1",150,150,true],"medium":["https:\/\/i0.wp.com\/www.reflections.it\/wordpress\/wp-content\/uploads\/2016\/10\/oliver_stone.jpg?fit=300%2C169&ssl=1",300,169,true],"medium_large":["https:\/\/i0.wp.com\/www.reflections.it\/wordpress\/wp-content\/uploads\/2016\/10\/oliver_stone.jpg?fit=600%2C338&ssl=1",600,338,true],"large":["https:\/\/i0.wp.com\/www.reflections.it\/wordpress\/wp-content\/uploads\/2016\/10\/oliver_stone.jpg?fit=600%2C338&ssl=1",600,338,true],"1536x1536":["https:\/\/i0.wp.com\/www.reflections.it\/wordpress\/wp-content\/uploads\/2016\/10\/oliver_stone.jpg?fit=600%2C338&ssl=1",600,338,true],"2048x2048":["https:\/\/i0.wp.com\/www.reflections.it\/wordpress\/wp-content\/uploads\/2016\/10\/oliver_stone.jpg?fit=600%2C338&ssl=1",600,338,true],"morenews-large":["https:\/\/i0.wp.com\/www.reflections.it\/wordpress\/wp-content\/uploads\/2016\/10\/oliver_stone.jpg?resize=600%2C338&ssl=1",600,338,true],"morenews-medium":["https:\/\/i0.wp.com\/www.reflections.it\/wordpress\/wp-content\/uploads\/2016\/10\/oliver_stone.jpg?resize=590%2C338&ssl=1",590,338,true]},"author_info":{"display_name":"Betty Giuliani","author_link":"https:\/\/www.reflections.it\/wordpress\/author\/betty-giuliani\/"},"category_info":"<a href=\"https:\/\/www.reflections.it\/wordpress\/category\/cinema-recensioni-novita-approfondimenti\/\" rel=\"category tag\">Cinema<\/a>","tag_info":"Cinema","comment_count":"0","jetpack_sharing_enabled":true,"jetpack-related-posts":[],"jetpack_featured_media_url":"https:\/\/i0.wp.com\/www.reflections.it\/wordpress\/wp-content\/uploads\/2016\/10\/oliver_stone.jpg?fit=600%2C338&ssl=1","_links":{"self":[{"href":"https:\/\/www.reflections.it\/wordpress\/wp-json\/wp\/v2\/posts\/4131","targetHints":{"allow":["GET"]}}],"collection":[{"href":"https:\/\/www.reflections.it\/wordpress\/wp-json\/wp\/v2\/posts"}],"about":[{"href":"https:\/\/www.reflections.it\/wordpress\/wp-json\/wp\/v2\/types\/post"}],"author":[{"embeddable":true,"href":"https:\/\/www.reflections.it\/wordpress\/wp-json\/wp\/v2\/users\/3"}],"replies":[{"embeddable":true,"href":"https:\/\/www.reflections.it\/wordpress\/wp-json\/wp\/v2\/comments?post=4131"}],"version-history":[{"count":5,"href":"https:\/\/www.reflections.it\/wordpress\/wp-json\/wp\/v2\/posts\/4131\/revisions"}],"predecessor-version":[{"id":32206,"href":"https:\/\/www.reflections.it\/wordpress\/wp-json\/wp\/v2\/posts\/4131\/revisions\/32206"}],"wp:featuredmedia":[{"embeddable":true,"href":"https:\/\/www.reflections.it\/wordpress\/wp-json\/wp\/v2\/media\/32205"}],"wp:attachment":[{"href":"https:\/\/www.reflections.it\/wordpress\/wp-json\/wp\/v2\/media?parent=4131"}],"wp:term":[{"taxonomy":"category","embeddable":true,"href":"https:\/\/www.reflections.it\/wordpress\/wp-json\/wp\/v2\/categories?post=4131"},{"taxonomy":"post_tag","embeddable":true,"href":"https:\/\/www.reflections.it\/wordpress\/wp-json\/wp\/v2\/tags?post=4131"}],"curies":[{"name":"wp","href":"https:\/\/api.w.org\/{rel}","templated":true}]}}