{"id":35979,"date":"2026-09-05T21:48:38","date_gmt":"2026-09-05T19:48:38","guid":{"rendered":"https:\/\/www.reflections.it\/wordpress\/?p=35979"},"modified":"2026-09-05T21:48:41","modified_gmt":"2026-09-05T19:48:41","slug":"il-processo","status":"publish","type":"post","link":"https:\/\/www.reflections.it\/wordpress\/il-processo\/","title":{"rendered":"Il processo"},"content":{"rendered":"\n<p class=\"wp-block-paragraph\">di Franz Kafka, 1925<\/p>\n\n\n\n<p class=\"wp-block-paragraph\">C&#8217;\u00e8 un momento, quasi all&#8217;inizio de\u00a0<em>Il processo<\/em>, in cui Josef K., svegliatosi la mattina del suo trentesimo compleanno, si trova due sconosciuti in camera che gli comunicano il suo arresto senza mai specificarne il motivo. Nessuno gli mette le manette, nessuno lo trascina in cella: pu\u00f2 andare al lavoro come ogni giorno, pu\u00f2 continuare a vivere. Eppure da quel momento la sua esistenza si piega attorno a un processo di cui non conoscer\u00e0 mai n\u00e9 l&#8217;accusa n\u00e9 il tribunale competente, n\u00e9 tantomeno un modo per difendersi efficacemente. \u00c8 da questa apertura, insieme banale e mostruosa, che <strong>Kafka<\/strong> costruisce uno dei romanzi pi\u00f9 inquietanti e influenti del Novecento, un testo che ha finito per prestare il proprio aggettivo, &#8220;kafkiano&#8221;, a ogni situazione in cui l&#8217;individuo si scontra con un potere insondabile e privo di logica.<\/p>\n\n\n\n<figure class=\"wp-block-image alignleft size-full is-resized\"><a href=\"https:\/\/i0.wp.com\/www.reflections.it\/wordpress\/wp-content\/uploads\/2026\/09\/Il-processo-1.jpg?ssl=1\"><img data-recalc-dims=\"1\" fetchpriority=\"high\" decoding=\"async\" width=\"369\" height=\"600\" data-attachment-id=\"35982\" data-permalink=\"https:\/\/www.reflections.it\/wordpress\/il-processo\/il-processo-2\/\" data-orig-file=\"https:\/\/i0.wp.com\/www.reflections.it\/wordpress\/wp-content\/uploads\/2026\/09\/Il-processo-1.jpg?fit=369%2C600&amp;ssl=1\" data-orig-size=\"369,600\" data-comments-opened=\"1\" data-image-meta=\"{&quot;aperture&quot;:&quot;0&quot;,&quot;credit&quot;:&quot;&quot;,&quot;camera&quot;:&quot;&quot;,&quot;caption&quot;:&quot;&quot;,&quot;created_timestamp&quot;:&quot;0&quot;,&quot;copyright&quot;:&quot;&quot;,&quot;focal_length&quot;:&quot;0&quot;,&quot;iso&quot;:&quot;0&quot;,&quot;shutter_speed&quot;:&quot;0&quot;,&quot;title&quot;:&quot;&quot;,&quot;orientation&quot;:&quot;1&quot;,&quot;alt&quot;:&quot;&quot;}\" data-image-title=\"Il processo\" data-image-description=\"\" data-image-caption=\"\" data-large-file=\"https:\/\/i0.wp.com\/www.reflections.it\/wordpress\/wp-content\/uploads\/2026\/09\/Il-processo-1.jpg?fit=369%2C600&amp;ssl=1\" src=\"https:\/\/i0.wp.com\/www.reflections.it\/wordpress\/wp-content\/uploads\/2026\/09\/Il-processo-1.jpg?resize=369%2C600&#038;ssl=1\" alt=\"\" class=\"wp-image-35982\" style=\"width:404px;height:auto\" srcset=\"https:\/\/i0.wp.com\/www.reflections.it\/wordpress\/wp-content\/uploads\/2026\/09\/Il-processo-1.jpg?w=369&amp;ssl=1 369w, https:\/\/i0.wp.com\/www.reflections.it\/wordpress\/wp-content\/uploads\/2026\/09\/Il-processo-1.jpg?resize=185%2C300&amp;ssl=1 185w\" sizes=\"(max-width: 369px) 100vw, 369px\" \/><\/a><\/figure>\n\n\n\n<p class=\"wp-block-paragraph\">La trama, per quanto un romanzo del genere resista a ogni sintesi rassicurante, segue Josef K. (il suo cognome \u00e8 ignoto quanto la sua colpa) procuratore di banca dalla vita ordinata e borghese, mentre tenta di orientarsi in un sistema giudiziario parallelo a quello ufficiale, fatto di soffitte polverose trasformate in aule di tribunale, di avvocati che promettono contatti misteriosi con giudici invisibili, di pittori che vivono di ritratti per magistrati e che spiegano a K. le uniche tre forme di assoluzione possibili, tutte in realt\u00e0 illusorie: l&#8217;assoluzione apparente, il rinvio illimitato, la vera assoluzione, quest&#8217;ultima mai vista accadere da nessuno. K. si dibatte, si indigna, cerca alleati, si innamora quasi per disperazione di alcune donne che gravitano attorno al tribunale, e infine, nel capitolo conclusivo, viene prelevato da due uomini in finanziaria e giustiziato in una cava non opponendo quasi resistenza. Tra questi due poli, l&#8217;arresto immotivato e l&#8217;esecuzione altrettanto immotivata, si dispiega un racconto che procede non per progressione logica ma per accumulo di episodi, ciascuno chiuso in s\u00e9, quasi autosufficiente, come se il romanzo fosse costruito a cerchi concentrici attorno a un centro che non si rivela mai.<\/p>\n\n\n\n<p class=\"wp-block-paragraph\">Vale la pena ricordare che Kafka scrisse\u00a0<em>Il processo<\/em>\u00a0tra il 1914 e il 1915, negli anni della Grande Guerra, mentre lavorava come funzionario assicurativo a Praga, occupandosi in particolare di infortuni sul lavoro: un dettaglio biografico che assume un peso quasi ironico se si pensa a quanto la sua narrativa sia ossessionata da colpe, responsabilit\u00e0 e apparati burocratici che giudicano corpi e vite senza mai renderne conto in modo trasparente. Kafka, ebreo di lingua tedesca in una Praga di lingua ceca sotto l&#8217;impero austro-ungarico, viveva gi\u00e0 una condizione di estraneit\u00e0, una identit\u00e0 fuori posto rispetto al contesto che lo circondava. A questo si aggiungeva un rapporto complicatissimo con il padre Hermann, uomo autoritario e commerciante di successo, che Kafka avrebbe pi\u00f9 tardi descritto con lucidit\u00e0 impietosa nella\u00a0<em>Lettera al padre<\/em>, mai spedita. <strong>Non \u00e8 un caso che tanta critica abbia letto nel tribunale invisibile e onnipotente del romanzo una trasfigurazione di quella autorit\u00e0 paterna mai sfidata apertamente ma interiorizzata come colpa permanente<\/strong>. Nello stesso periodo Kafka viveva anche il tormentato fidanzamento con <strong>Felice Bauer<\/strong>, rotto e ripreso pi\u00f9 volte, un legame che lui stesso sentiva incompatibile con la propria vocazione di scrittore e che gli provocava sensi di colpa non dissimili, nella loro assurdit\u00e0 soggettiva, da quelli che opprimono Josef K.<\/p>\n\n\n\n<p class=\"wp-block-paragraph\">Sul piano editoriale, la vicenda del libro \u00e8 essa stessa quasi kafkiana. L&#8217;autore non termin\u00f2 mai il romanzo in forma definitiva: lasci\u00f2 diversi capitoli non numerati, alcuni evidentemente incompiuti, altri che lui stesso considerava frammenti da scartare. Poco prima di morire di tubercolosi nel 1924, chiese all&#8217;amico e esecutore letterario <strong>Max Brod<\/strong> di bruciare tutti i suoi manoscritti inediti,\u00a0<em>Il processo<\/em>\u00a0compreso. Brod, per fortuna della letteratura mondiale e con un tradimento che resta uno dei pi\u00f9 fecondi della storia editoriale, disattese quella volont\u00e0 e pubblic\u00f2 il romanzo nel 1925, un anno dopo la morte dell&#8217;autore, decidendo lui stesso l&#8217;ordine dei capitoli e producendo un testo che per decenni \u00e8 stato letto come definitivo, pur essendo in realt\u00e0 una ricostruzione editoriale. Solo con l&#8217;edizione critica curata da <strong>Malcolm Pasley<\/strong> negli anni Novanta si \u00e8 potuto restituire ai lettori un&#8217;idea pi\u00f9 fedele dello stato frammentario e aperto in cui Kafka aveva lasciato il manoscritto, con capitoli che oggi sappiamo essere di collocazione incerta. Questo status di opera &#8220;non finita per scelta altrui&#8221; aggiunge, se possibile, un ulteriore strato di verit\u00e0 al romanzo. Anche il testo stesso, come il suo protagonista, \u00e8 stato giudicato e sistemato da un&#8217;autorit\u00e0, quella di Brod, che ne ha deciso la forma senza che l&#8217;autore potesse difendersi o replicare.<\/p>\n\n\n\n<p class=\"wp-block-paragraph\">Dal punto di vista stilistico, ci\u00f2 che colpisce di pi\u00f9 leggendo\u00a0<em>Il processo<\/em>\u00a0\u00e8 la sproporzione fra la scrittura, algida, precisa, quasi notarile, e il contenuto onirico e mostruoso di quanto viene narrato. Kafka non indulge mai in effetti gotici o in un linguaggio che segnali l&#8217;orrore: descrive l&#8217;assurdo con lo stesso tono pacato con cui un impiegato compilerebbe un rapporto, e proprio in questa discrepanza fra forma burocratica e sostanza incubica risiede buona parte della sua potenza inquietante. Le frasi si allungano in subordinate che imitano il linguaggio giuridico, i dialoghi si fanno cavillosi, quasi processuali essi stessi, mentre lo spazio del romanzo si deforma secondo una logica onirica: un tribunale che occupa i sottotetti di un intero quartiere popolare, corridoi che si moltiplicano, porte che si aprono su scene che non dovrebbero essere l\u00ec. La prospettiva narrativa, per lo pi\u00f9 aderente al punto di vista di K., non offre mai al lettore un piano di realt\u00e0 pi\u00f9 ampio o pi\u00f9 affidabile di quello del protagonista. Si \u00e8 invischiati insieme a lui, senza vie di fuga interpretative, ed \u00e8 forse questa la scelta di contenuto pi\u00f9 radicale del libro, la rinuncia a qualunque narratore onnisciente che possa rassicurarci spiegandoci cosa sta davvero accadendo.<\/p>\n\n\n\n<p class=\"wp-block-paragraph\">Al centro del romanzo si trova anche una delle pagine pi\u00f9 commentate di tutta la narrativa del Novecento, la parabola <em>Davanti alla legge<\/em>, raccontata da un sacerdote a K. nell&#8217;episodio ambientato in cattedrale: un uomo di campagna attende per tutta la vita davanti a una porta che conduce alla legge, chiedendo continuamente il permesso di entrare a un guardiano che non glielo nega mai apertamente ma che continua a rimandarlo, finch\u00e9, morente, l&#8217;uomo scopre che quella porta era destinata soltanto a lui e che ora sta per essere chiusa per sempre. Questa parabola dentro la parabola condensa il senso dell&#8217;intero romanzo e ne moltiplica le letture possibili: teologica, se si pensa a una legge divina inaccessibile all&#8217;uomo; politica, se si legge come anticipazione dei totalitarismi che di l\u00ec a poco avrebbero trasformato l&#8217;arbitrio burocratico in sterminio organizzato; pi\u00f9 intimamente esistenziale, se si interpreta come immagine di ogni desiderio umano di accesso a un senso ultimo che si nega proprio nell&#8217;attesa che lo cerca.<\/p>\n\n\n\n<p class=\"wp-block-paragraph\">Ci\u00f2 che continua a colpire di questo romanzo, quasi un secolo dopo la sua pubblicazione, \u00e8 la sua capacit\u00e0 di descrivere in anticipo dinamiche che sarebbero diventate quotidiane: la sensazione di essere valutati da algoritmi e procedure di cui non conosciamo i criteri, la colpa diffusa e senza oggetto che accompagna chi si trova di fronte a un modulo da compilare senza sapere per quale scopo, l&#8217;assuefazione con cui accettiamo di sottoporci a sistemi di controllo che non comprendiamo davvero. Josef K. non \u00e8 un eroe e non lo diventa mai: la sua tragedia \u00e8 proprio quella di continuare a comportarsi da cittadino rispettoso delle regole in un mondo che ha smesso di offrirgli regole comprensibili, di cercare una razionalit\u00e0 dove ormai domina soltanto la forma vuota della razionalit\u00e0. In questo, forse, sta l&#8217;originalit\u00e0 pi\u00f9 scomoda del libro: non raccontarci la storia di un innocente perseguitato da un potere ingiusto, ma quella di un uomo che collabora, quasi con zelo, alla propria condanna, convinto fino all&#8217;ultimo che basti comportarsi bene per essere trattati bene, e che proprio questa convinzione, pi\u00f9 della colpa mai rivelata, sia la vera imputazione che il romanzo muove contro di lui e, per estensione, contro ciascuno dei suoi lettori. Immagine della sovrana ingiustizia che, di l\u00ec a poco, si sarebbe compiuta al cospetto del mondo.<\/p>\n","protected":false},"excerpt":{"rendered":"<p>di Franz Kafka, 1925 C&#8217;\u00e8 un momento, quasi all&#8217;inizio de\u00a0Il processo, in cui Josef K., svegliatosi la mattina<\/p>\n","protected":false},"author":1,"featured_media":35980,"comment_status":"open","ping_status":"open","sticky":false,"template":"","format":"standard","meta":{"_jetpack_newsletter_access":"","_jetpack_dont_email_post_to_subs":false,"_jetpack_newsletter_tier_id":0,"_jetpack_memberships_contains_paywalled_content":false,"_jetpack_feature_clip_id":0,"_jetpack_memberships_contains_paid_content":false,"footnotes":"","jetpack_post_was_ever_published":false},"categories":[14],"tags":[1325,1218,1202,1203,1199,1220],"class_list":["post-35979","post","type-post","status-publish","format-standard","has-post-thumbnail","hentry","category-libri-recensioni-novita-suggerimenti","tag-franz-kafka","tag-grandi-classici","tag-libri-consigliati","tag-narrativa-straniera","tag-recensione-libro","tag-romanzo"],"yoast_head":"<!-- This site is optimized with the Yoast SEO plugin v28.4 - https:\/\/yoast.com\/product\/yoast-seo-wordpress\/ -->\n<title>Il processo - Reflections<\/title>\n<meta name=\"description\" content=\"Il processo racconta la storia di Josef K., un uomo perseguito dall&#039;autorit\u00e0 senza che venga mai a sapere la natura del suo crimine\" \/>\n<meta name=\"robots\" content=\"index, follow, max-snippet:-1, max-image-preview:large, max-video-preview:-1\" \/>\n<link rel=\"canonical\" href=\"https:\/\/www.reflections.it\/wordpress\/il-processo\/\" \/>\n<meta property=\"og:locale\" content=\"it_IT\" \/>\n<meta property=\"og:type\" content=\"article\" \/>\n<meta property=\"og:title\" content=\"Il processo - Reflections\" \/>\n<meta property=\"og:description\" content=\"Il processo racconta la storia di Josef K., un uomo perseguito dall&#039;autorit\u00e0 senza che venga mai a sapere la natura del suo crimine\" \/>\n<meta property=\"og:url\" content=\"https:\/\/www.reflections.it\/wordpress\/il-processo\/\" \/>\n<meta property=\"og:site_name\" content=\"Reflections\" \/>\n<meta property=\"article:published_time\" content=\"2026-09-05T19:48:38+00:00\" \/>\n<meta property=\"article:modified_time\" content=\"2026-09-05T19:48:41+00:00\" \/>\n<meta property=\"og:image\" content=\"https:\/\/www.reflections.it\/wordpress\/wp-content\/uploads\/2026\/09\/Franz-Kafka.jpg\" \/>\n\t<meta property=\"og:image:width\" content=\"600\" \/>\n\t<meta property=\"og:image:height\" content=\"300\" \/>\n\t<meta property=\"og:image:type\" content=\"image\/jpeg\" \/>\n<meta name=\"author\" content=\"Alessio Sperati\" \/>\n<meta name=\"twitter:card\" content=\"summary_large_image\" \/>\n<meta name=\"twitter:label1\" content=\"Scritto da\" \/>\n\t<meta name=\"twitter:data1\" content=\"Alessio Sperati\" \/>\n\t<meta name=\"twitter:label2\" content=\"Tempo di lettura stimato\" \/>\n\t<meta name=\"twitter:data2\" content=\"8 minuti\" \/>\n<script type=\"application\/ld+json\" class=\"yoast-schema-graph\">{\"@context\":\"https:\\\/\\\/schema.org\",\"@graph\":[{\"@type\":\"Article\",\"@id\":\"https:\\\/\\\/www.reflections.it\\\/wordpress\\\/il-processo\\\/#article\",\"isPartOf\":{\"@id\":\"https:\\\/\\\/www.reflections.it\\\/wordpress\\\/il-processo\\\/\"},\"author\":{\"name\":\"Alessio Sperati\",\"@id\":\"https:\\\/\\\/www.reflections.it\\\/wordpress\\\/#\\\/schema\\\/person\\\/717f27b2e68851c1c93f8ccd3cea7567\"},\"headline\":\"Il processo\",\"datePublished\":\"2026-09-05T19:48:38+00:00\",\"dateModified\":\"2026-09-05T19:48:41+00:00\",\"mainEntityOfPage\":{\"@id\":\"https:\\\/\\\/www.reflections.it\\\/wordpress\\\/il-processo\\\/\"},\"wordCount\":1351,\"commentCount\":0,\"image\":{\"@id\":\"https:\\\/\\\/www.reflections.it\\\/wordpress\\\/il-processo\\\/#primaryimage\"},\"thumbnailUrl\":\"https:\\\/\\\/i0.wp.com\\\/www.reflections.it\\\/wordpress\\\/wp-content\\\/uploads\\\/2026\\\/09\\\/Franz-Kafka.jpg?fit=600%2C300&ssl=1\",\"keywords\":[\"Franz Kafka\",\"Grandi classici\",\"Libri consigliati\",\"Narrativa straniera\",\"Recensione libro\",\"Romanzo\"],\"articleSection\":[\"Libri\"],\"inLanguage\":\"it-IT\",\"potentialAction\":[{\"@type\":\"CommentAction\",\"name\":\"Comment\",\"target\":[\"https:\\\/\\\/www.reflections.it\\\/wordpress\\\/il-processo\\\/#respond\"]}]},{\"@type\":\"WebPage\",\"@id\":\"https:\\\/\\\/www.reflections.it\\\/wordpress\\\/il-processo\\\/\",\"url\":\"https:\\\/\\\/www.reflections.it\\\/wordpress\\\/il-processo\\\/\",\"name\":\"Il processo - Reflections\",\"isPartOf\":{\"@id\":\"https:\\\/\\\/www.reflections.it\\\/wordpress\\\/#website\"},\"primaryImageOfPage\":{\"@id\":\"https:\\\/\\\/www.reflections.it\\\/wordpress\\\/il-processo\\\/#primaryimage\"},\"image\":{\"@id\":\"https:\\\/\\\/www.reflections.it\\\/wordpress\\\/il-processo\\\/#primaryimage\"},\"thumbnailUrl\":\"https:\\\/\\\/i0.wp.com\\\/www.reflections.it\\\/wordpress\\\/wp-content\\\/uploads\\\/2026\\\/09\\\/Franz-Kafka.jpg?fit=600%2C300&ssl=1\",\"datePublished\":\"2026-09-05T19:48:38+00:00\",\"dateModified\":\"2026-09-05T19:48:41+00:00\",\"author\":{\"@id\":\"https:\\\/\\\/www.reflections.it\\\/wordpress\\\/#\\\/schema\\\/person\\\/717f27b2e68851c1c93f8ccd3cea7567\"},\"description\":\"Il processo racconta la storia di Josef K., un uomo perseguito dall'autorit\u00e0 senza che venga mai a sapere la natura del suo crimine\",\"breadcrumb\":{\"@id\":\"https:\\\/\\\/www.reflections.it\\\/wordpress\\\/il-processo\\\/#breadcrumb\"},\"inLanguage\":\"it-IT\",\"potentialAction\":[{\"@type\":\"ReadAction\",\"target\":[\"https:\\\/\\\/www.reflections.it\\\/wordpress\\\/il-processo\\\/\"]}]},{\"@type\":\"ImageObject\",\"inLanguage\":\"it-IT\",\"@id\":\"https:\\\/\\\/www.reflections.it\\\/wordpress\\\/il-processo\\\/#primaryimage\",\"url\":\"https:\\\/\\\/i0.wp.com\\\/www.reflections.it\\\/wordpress\\\/wp-content\\\/uploads\\\/2026\\\/09\\\/Franz-Kafka.jpg?fit=600%2C300&ssl=1\",\"contentUrl\":\"https:\\\/\\\/i0.wp.com\\\/www.reflections.it\\\/wordpress\\\/wp-content\\\/uploads\\\/2026\\\/09\\\/Franz-Kafka.jpg?fit=600%2C300&ssl=1\",\"width\":600,\"height\":300,\"caption\":\"Franz Kafka\"},{\"@type\":\"BreadcrumbList\",\"@id\":\"https:\\\/\\\/www.reflections.it\\\/wordpress\\\/il-processo\\\/#breadcrumb\",\"itemListElement\":[{\"@type\":\"ListItem\",\"position\":1,\"name\":\"Home\",\"item\":\"https:\\\/\\\/www.reflections.it\\\/wordpress\\\/\"},{\"@type\":\"ListItem\",\"position\":2,\"name\":\"Il processo\"}]},{\"@type\":\"WebSite\",\"@id\":\"https:\\\/\\\/www.reflections.it\\\/wordpress\\\/#website\",\"url\":\"https:\\\/\\\/www.reflections.it\\\/wordpress\\\/\",\"name\":\"Reflections\",\"description\":\"\",\"potentialAction\":[{\"@type\":\"SearchAction\",\"target\":{\"@type\":\"EntryPoint\",\"urlTemplate\":\"https:\\\/\\\/www.reflections.it\\\/wordpress\\\/?s={search_term_string}\"},\"query-input\":{\"@type\":\"PropertyValueSpecification\",\"valueRequired\":true,\"valueName\":\"search_term_string\"}}],\"inLanguage\":\"it-IT\"},{\"@type\":\"Person\",\"@id\":\"https:\\\/\\\/www.reflections.it\\\/wordpress\\\/#\\\/schema\\\/person\\\/717f27b2e68851c1c93f8ccd3cea7567\",\"name\":\"Alessio Sperati\",\"image\":{\"@type\":\"ImageObject\",\"inLanguage\":\"it-IT\",\"@id\":\"https:\\\/\\\/secure.gravatar.com\\\/avatar\\\/d1f6afd1605fe591f92699e87e0a45551b85990a9cb6151573d5530bfc6e5a57?s=96&d=mm&r=g\",\"url\":\"https:\\\/\\\/secure.gravatar.com\\\/avatar\\\/d1f6afd1605fe591f92699e87e0a45551b85990a9cb6151573d5530bfc6e5a57?s=96&d=mm&r=g\",\"contentUrl\":\"https:\\\/\\\/secure.gravatar.com\\\/avatar\\\/d1f6afd1605fe591f92699e87e0a45551b85990a9cb6151573d5530bfc6e5a57?s=96&d=mm&r=g\",\"caption\":\"Alessio Sperati\"},\"url\":\"https:\\\/\\\/www.reflections.it\\\/wordpress\\\/author\\\/reflections03\\\/\"}]}<\/script>\n<!-- \/ Yoast SEO plugin. -->","yoast_head_json":{"title":"Il processo - Reflections","description":"Il processo racconta la storia di Josef K., un uomo perseguito dall'autorit\u00e0 senza che venga mai a sapere la natura del suo crimine","robots":{"index":"index","follow":"follow","max-snippet":"max-snippet:-1","max-image-preview":"max-image-preview:large","max-video-preview":"max-video-preview:-1"},"canonical":"https:\/\/www.reflections.it\/wordpress\/il-processo\/","og_locale":"it_IT","og_type":"article","og_title":"Il processo - Reflections","og_description":"Il processo racconta la storia di Josef K., un uomo perseguito dall'autorit\u00e0 senza che venga mai a sapere la natura del suo crimine","og_url":"https:\/\/www.reflections.it\/wordpress\/il-processo\/","og_site_name":"Reflections","article_published_time":"2026-09-05T19:48:38+00:00","article_modified_time":"2026-09-05T19:48:41+00:00","og_image":[{"width":600,"height":300,"url":"https:\/\/www.reflections.it\/wordpress\/wp-content\/uploads\/2026\/09\/Franz-Kafka.jpg","type":"image\/jpeg"}],"author":"Alessio Sperati","twitter_card":"summary_large_image","twitter_misc":{"Scritto da":"Alessio Sperati","Tempo di lettura stimato":"8 minuti"},"schema":{"@context":"https:\/\/schema.org","@graph":[{"@type":"Article","@id":"https:\/\/www.reflections.it\/wordpress\/il-processo\/#article","isPartOf":{"@id":"https:\/\/www.reflections.it\/wordpress\/il-processo\/"},"author":{"name":"Alessio Sperati","@id":"https:\/\/www.reflections.it\/wordpress\/#\/schema\/person\/717f27b2e68851c1c93f8ccd3cea7567"},"headline":"Il processo","datePublished":"2026-09-05T19:48:38+00:00","dateModified":"2026-09-05T19:48:41+00:00","mainEntityOfPage":{"@id":"https:\/\/www.reflections.it\/wordpress\/il-processo\/"},"wordCount":1351,"commentCount":0,"image":{"@id":"https:\/\/www.reflections.it\/wordpress\/il-processo\/#primaryimage"},"thumbnailUrl":"https:\/\/i0.wp.com\/www.reflections.it\/wordpress\/wp-content\/uploads\/2026\/09\/Franz-Kafka.jpg?fit=600%2C300&ssl=1","keywords":["Franz Kafka","Grandi classici","Libri consigliati","Narrativa straniera","Recensione libro","Romanzo"],"articleSection":["Libri"],"inLanguage":"it-IT","potentialAction":[{"@type":"CommentAction","name":"Comment","target":["https:\/\/www.reflections.it\/wordpress\/il-processo\/#respond"]}]},{"@type":"WebPage","@id":"https:\/\/www.reflections.it\/wordpress\/il-processo\/","url":"https:\/\/www.reflections.it\/wordpress\/il-processo\/","name":"Il processo - Reflections","isPartOf":{"@id":"https:\/\/www.reflections.it\/wordpress\/#website"},"primaryImageOfPage":{"@id":"https:\/\/www.reflections.it\/wordpress\/il-processo\/#primaryimage"},"image":{"@id":"https:\/\/www.reflections.it\/wordpress\/il-processo\/#primaryimage"},"thumbnailUrl":"https:\/\/i0.wp.com\/www.reflections.it\/wordpress\/wp-content\/uploads\/2026\/09\/Franz-Kafka.jpg?fit=600%2C300&ssl=1","datePublished":"2026-09-05T19:48:38+00:00","dateModified":"2026-09-05T19:48:41+00:00","author":{"@id":"https:\/\/www.reflections.it\/wordpress\/#\/schema\/person\/717f27b2e68851c1c93f8ccd3cea7567"},"description":"Il processo racconta la storia di Josef K., un uomo perseguito dall'autorit\u00e0 senza che venga mai a sapere la natura del suo crimine","breadcrumb":{"@id":"https:\/\/www.reflections.it\/wordpress\/il-processo\/#breadcrumb"},"inLanguage":"it-IT","potentialAction":[{"@type":"ReadAction","target":["https:\/\/www.reflections.it\/wordpress\/il-processo\/"]}]},{"@type":"ImageObject","inLanguage":"it-IT","@id":"https:\/\/www.reflections.it\/wordpress\/il-processo\/#primaryimage","url":"https:\/\/i0.wp.com\/www.reflections.it\/wordpress\/wp-content\/uploads\/2026\/09\/Franz-Kafka.jpg?fit=600%2C300&ssl=1","contentUrl":"https:\/\/i0.wp.com\/www.reflections.it\/wordpress\/wp-content\/uploads\/2026\/09\/Franz-Kafka.jpg?fit=600%2C300&ssl=1","width":600,"height":300,"caption":"Franz Kafka"},{"@type":"BreadcrumbList","@id":"https:\/\/www.reflections.it\/wordpress\/il-processo\/#breadcrumb","itemListElement":[{"@type":"ListItem","position":1,"name":"Home","item":"https:\/\/www.reflections.it\/wordpress\/"},{"@type":"ListItem","position":2,"name":"Il processo"}]},{"@type":"WebSite","@id":"https:\/\/www.reflections.it\/wordpress\/#website","url":"https:\/\/www.reflections.it\/wordpress\/","name":"Reflections","description":"","potentialAction":[{"@type":"SearchAction","target":{"@type":"EntryPoint","urlTemplate":"https:\/\/www.reflections.it\/wordpress\/?s={search_term_string}"},"query-input":{"@type":"PropertyValueSpecification","valueRequired":true,"valueName":"search_term_string"}}],"inLanguage":"it-IT"},{"@type":"Person","@id":"https:\/\/www.reflections.it\/wordpress\/#\/schema\/person\/717f27b2e68851c1c93f8ccd3cea7567","name":"Alessio Sperati","image":{"@type":"ImageObject","inLanguage":"it-IT","@id":"https:\/\/secure.gravatar.com\/avatar\/d1f6afd1605fe591f92699e87e0a45551b85990a9cb6151573d5530bfc6e5a57?s=96&d=mm&r=g","url":"https:\/\/secure.gravatar.com\/avatar\/d1f6afd1605fe591f92699e87e0a45551b85990a9cb6151573d5530bfc6e5a57?s=96&d=mm&r=g","contentUrl":"https:\/\/secure.gravatar.com\/avatar\/d1f6afd1605fe591f92699e87e0a45551b85990a9cb6151573d5530bfc6e5a57?s=96&d=mm&r=g","caption":"Alessio Sperati"},"url":"https:\/\/www.reflections.it\/wordpress\/author\/reflections03\/"}]}},"featured_image_urls":{"full":["https:\/\/i0.wp.com\/www.reflections.it\/wordpress\/wp-content\/uploads\/2026\/09\/Franz-Kafka.jpg?fit=600%2C300&ssl=1",600,300,false],"thumbnail":["https:\/\/i0.wp.com\/www.reflections.it\/wordpress\/wp-content\/uploads\/2026\/09\/Franz-Kafka.jpg?resize=150%2C150&ssl=1",150,150,true],"medium":["https:\/\/i0.wp.com\/www.reflections.it\/wordpress\/wp-content\/uploads\/2026\/09\/Franz-Kafka.jpg?fit=300%2C150&ssl=1",300,150,true],"medium_large":["https:\/\/i0.wp.com\/www.reflections.it\/wordpress\/wp-content\/uploads\/2026\/09\/Franz-Kafka.jpg?fit=600%2C300&ssl=1",600,300,true],"large":["https:\/\/i0.wp.com\/www.reflections.it\/wordpress\/wp-content\/uploads\/2026\/09\/Franz-Kafka.jpg?fit=600%2C300&ssl=1",600,300,true],"1536x1536":["https:\/\/i0.wp.com\/www.reflections.it\/wordpress\/wp-content\/uploads\/2026\/09\/Franz-Kafka.jpg?fit=600%2C300&ssl=1",600,300,true],"2048x2048":["https:\/\/i0.wp.com\/www.reflections.it\/wordpress\/wp-content\/uploads\/2026\/09\/Franz-Kafka.jpg?fit=600%2C300&ssl=1",600,300,true],"morenews-large":["https:\/\/i0.wp.com\/www.reflections.it\/wordpress\/wp-content\/uploads\/2026\/09\/Franz-Kafka.jpg?resize=600%2C300&ssl=1",600,300,true],"morenews-medium":["https:\/\/i0.wp.com\/www.reflections.it\/wordpress\/wp-content\/uploads\/2026\/09\/Franz-Kafka.jpg?resize=590%2C300&ssl=1",590,300,true]},"author_info":{"display_name":"Alessio Sperati","author_link":"https:\/\/www.reflections.it\/wordpress\/author\/reflections03\/"},"category_info":"<a href=\"https:\/\/www.reflections.it\/wordpress\/category\/libri-recensioni-novita-suggerimenti\/\" rel=\"category tag\">Libri<\/a>","tag_info":"Libri","comment_count":"0","jetpack_sharing_enabled":true,"jetpack-related-posts":[],"jetpack_featured_media_url":"https:\/\/i0.wp.com\/www.reflections.it\/wordpress\/wp-content\/uploads\/2026\/09\/Franz-Kafka.jpg?fit=600%2C300&ssl=1","_links":{"self":[{"href":"https:\/\/www.reflections.it\/wordpress\/wp-json\/wp\/v2\/posts\/35979","targetHints":{"allow":["GET"]}}],"collection":[{"href":"https:\/\/www.reflections.it\/wordpress\/wp-json\/wp\/v2\/posts"}],"about":[{"href":"https:\/\/www.reflections.it\/wordpress\/wp-json\/wp\/v2\/types\/post"}],"author":[{"embeddable":true,"href":"https:\/\/www.reflections.it\/wordpress\/wp-json\/wp\/v2\/users\/1"}],"replies":[{"embeddable":true,"href":"https:\/\/www.reflections.it\/wordpress\/wp-json\/wp\/v2\/comments?post=35979"}],"version-history":[{"count":1,"href":"https:\/\/www.reflections.it\/wordpress\/wp-json\/wp\/v2\/posts\/35979\/revisions"}],"predecessor-version":[{"id":35983,"href":"https:\/\/www.reflections.it\/wordpress\/wp-json\/wp\/v2\/posts\/35979\/revisions\/35983"}],"wp:featuredmedia":[{"embeddable":true,"href":"https:\/\/www.reflections.it\/wordpress\/wp-json\/wp\/v2\/media\/35980"}],"wp:attachment":[{"href":"https:\/\/www.reflections.it\/wordpress\/wp-json\/wp\/v2\/media?parent=35979"}],"wp:term":[{"taxonomy":"category","embeddable":true,"href":"https:\/\/www.reflections.it\/wordpress\/wp-json\/wp\/v2\/categories?post=35979"},{"taxonomy":"post_tag","embeddable":true,"href":"https:\/\/www.reflections.it\/wordpress\/wp-json\/wp\/v2\/tags?post=35979"}],"curies":[{"name":"wp","href":"https:\/\/api.w.org\/{rel}","templated":true}]}}